{"id":5209,"date":"2025-12-15T15:42:51","date_gmt":"2025-12-15T15:42:51","guid":{"rendered":"https:\/\/devpubevents.ma\/?p=5209"},"modified":"2025-12-15T16:02:07","modified_gmt":"2025-12-15T16:02:07","slug":"organisation-evenementielle-can-maroc","status":"publish","type":"post","link":"https:\/\/devpubevents.ma\/index.php\/2025\/12\/15\/organisation-evenementielle-can-maroc\/","title":{"rendered":"CAN au Maroc : l\u2019importance de l\u2019organisation \u00e9v\u00e9nementielle et de l\u2019ambiance"},"content":{"rendered":"<p><b>\u00a0CAN au Maroc : o\u00f9 sont les vraies ambiances ?<\/b><\/p>\n<p><b><\/b><span style=\"font-weight: 400;\"> Dans six jours seulement, la Coupe d\u2019Afrique des Nations d\u00e9marre au Maroc. Il s\u2019agit d\u2019un \u00e9v\u00e9nement continental majeur et pourtant, l\u2019ambiance peine encore \u00e0 se faire ressentir.<\/span><\/p>\n<p><span style=\"font-weight: 400;\">La CAN ne se r\u00e9sume pas uniquement au football. C\u2019est une f\u00eate populaire, un moment de rassemblement, de fiert\u00e9 et de c\u00e9l\u00e9bration culturelle. Aujourd\u2019hui, une question se pose naturellement : o\u00f9 sont les animations, la ferveur et l\u2019effervescence dans nos villes ?<\/span><\/p>\n<p><b><br \/>\n<\/b><b> Ce qui manque \u00e0 l\u2019approche de la CAN<\/b><\/p>\n<p>&nbsp;<\/p>\n<p><b>LISTE \u00c0 PUCES<\/b><b><br \/>\n<\/b><span style=\"font-weight: 400;\"> \u2022 Manque de d\u00e9coration et de visibilit\u00e9 dans l\u2019espace public<\/span><span style=\"font-weight: 400;\"><br \/>\n<\/span><span style=\"font-weight: 400;\"> \u2022 Absence d\u2019animations urbaines et de fan zones clairement identifi\u00e9es<\/span><span style=\"font-weight: 400;\"><br \/>\n<\/span><span style=\"font-weight: 400;\"> \u2022 Activation digitale encore trop faible<\/span><span style=\"font-weight: 400;\"><br \/>\n<\/span><span style=\"font-weight: 400;\"> \u2022 Engagement limit\u00e9 du grand public<\/span><\/p>\n<p><b><br \/>\n<\/b><b> Si nous \u00e9tions en charge de l\u2019organisation\u00a0<\/b><\/p>\n<p><b>LISTE \u00c0 PUCES<\/b><b><br \/>\n<\/b><span style=\"font-weight: 400;\"> \u2022 Mise en place de fan zones dynamiques avec \u00e9crans g\u00e9ants, animations et exp\u00e9riences immersives<\/span><span style=\"font-weight: 400;\"><br \/>\n<\/span><span style=\"font-weight: 400;\"> \u2022 Renforcement de l\u2019habillage urbain avec drapeaux, affichage, \u00e9clairage \u00e9v\u00e9nementiel et fresques artistiques<\/span><span style=\"font-weight: 400;\"><br \/>\n<\/span><span style=\"font-weight: 400;\"> \u2022 Organisation d\u2019activations dans les lieux publics (centres commerciaux, places publiques)<\/span><span style=\"font-weight: 400;\"><br \/>\n<\/span><span style=\"font-weight: 400;\"> \u2022 D\u00e9ploiement d\u2019une strat\u00e9gie digitale engageante : compte \u00e0 rebours, vid\u00e9os courtes, collaborations avec des cr\u00e9ateurs de contenu<\/span><span style=\"font-weight: 400;\"><br \/>\n<\/span><span style=\"font-weight: 400;\"> \u2022 Valorisation de la culture marocaine \u00e0 travers la musique, l\u2019art et l\u2019hospitalit\u00e9<\/span><\/p>\n<p>&nbsp;<\/p>\n<p><b>Conclusion<\/b><\/p>\n<p><b><br \/>\n<\/b><span style=\"font-weight: 400;\"> Le Maroc a tous les moyens pour organiser l\u2019une des meilleures \u00e9ditions de la CAN. Toutefois, un grand \u00e9v\u00e9nement ne se limite pas \u00e0 la logistique sportive. Il se construit \u00e9galement \u00e0 travers l\u2019\u00e9motion, l\u2019ambiance et l\u2019exp\u00e9rience v\u00e9cue par le public. Il est encore temps de transformer cette CAN en une v\u00e9ritable f\u00eate populaire, ressentie et v\u00e9cue par tous.<\/span><\/p>\n","protected":false},"excerpt":{"rendered":"<p>\u00a0CAN au Maroc : o\u00f9 sont les vraies ambiances ? Dans six jours seulement, la Coupe d\u2019Afrique des Nations d\u00e9marre au Maroc. Il s\u2019agit d\u2019un \u00e9v\u00e9nement continental majeur et pourtant, l\u2019ambiance peine encore \u00e0 se faire ressentir. La CAN ne se r\u00e9sume pas uniquement au football. C\u2019est une f\u00eate populaire, un moment de rassemblement, de &hellip; <span class=\"more-link-wrap\"><a href=\"https:\/\/devpubevents.ma\/index.php\/2025\/12\/15\/organisation-evenementielle-can-maroc\/\" class=\"more-link\">Read More <span class=\"screen-reader-text\"> &#8220;CAN au Maroc : l\u2019importance de l\u2019organisation \u00e9v\u00e9nementielle et de l\u2019ambiance&#8221;<\/span><\/a><\/span><\/p>\n","protected":false},"author":1,"featured_media":5210,"comment_status":"open","ping_status":"open","sticky":false,"template":"","format":"standard","meta":{"footnotes":""},"categories":[26],"tags":[],"class_list":["post-5209","post","type-post","status-publish","format-standard","has-post-thumbnail","hentry","category-can-2025"],"yoast_head":"<!-- This site is optimized with the Yoast SEO plugin v24.8.1 - https:\/\/yoast.com\/wordpress\/plugins\/seo\/ -->\n<title>CAN au Maroc : l\u2019importance de l\u2019organisation \u00e9v\u00e9nementielle et de l\u2019ambiance<\/title>\n<meta name=\"description\" content=\"\u00c0 quelques jours de la CAN au Maroc, d\u00e9couvrez l\u2019importance de l\u2019organisation \u00e9v\u00e9nementielle, des fan zones et de l\u2019ambiance pour un \u00e9v\u00e9nement r\u00e9ussi.\" \/>\n<meta name=\"robots\" content=\"index, follow, max-snippet:-1, max-image-preview:large, max-video-preview:-1\" \/>\n<link rel=\"canonical\" href=\"https:\/\/devpubevents.ma\/index.php\/2025\/12\/15\/organisation-evenementielle-can-maroc\/\" \/>\n<meta property=\"og:locale\" content=\"en_GB\" \/>\n<meta property=\"og:type\" content=\"article\" \/>\n<meta property=\"og:title\" content=\"CAN au Maroc : l\u2019importance de l\u2019organisation \u00e9v\u00e9nementielle et de l\u2019ambiance\" \/>\n<meta property=\"og:description\" content=\"\u00c0 quelques jours de la CAN au Maroc, d\u00e9couvrez l\u2019importance de l\u2019organisation \u00e9v\u00e9nementielle, des fan zones et de l\u2019ambiance pour un \u00e9v\u00e9nement r\u00e9ussi.\" \/>\n<meta property=\"og:url\" content=\"https:\/\/devpubevents.ma\/index.php\/2025\/12\/15\/organisation-evenementielle-can-maroc\/\" \/>\n<meta property=\"og:site_name\" content=\"DEVPUB EVENTS\" \/>\n<meta property=\"article:published_time\" content=\"2025-12-15T15:42:51+00:00\" \/>\n<meta property=\"article:modified_time\" content=\"2025-12-15T16:02:07+00:00\" \/>\n<meta property=\"og:image\" content=\"https:\/\/devpubevents.ma\/wp-content\/uploads\/2025\/12\/Image-18-10-2025-a-09.51-1.jpeg\" \/>\n\t<meta property=\"og:image:width\" content=\"2226\" \/>\n\t<meta property=\"og:image:height\" content=\"1294\" \/>\n\t<meta property=\"og:image:type\" content=\"image\/jpeg\" \/>\n<meta name=\"author\" content=\"event\" \/>\n<meta name=\"twitter:card\" content=\"summary_large_image\" \/>\n<meta name=\"twitter:label1\" content=\"Written by\" \/>\n\t<meta name=\"twitter:data1\" content=\"event\" \/>\n\t<meta name=\"twitter:label2\" content=\"Estimated reading time\" \/>\n\t<meta name=\"twitter:data2\" content=\"2 minutes\" \/>\n<script type=\"application\/ld+json\" class=\"yoast-schema-graph\">{\"@context\":\"https:\/\/schema.org\",\"@graph\":[{\"@type\":\"Article\",\"@id\":\"https:\/\/devpubevents.ma\/index.php\/2025\/12\/15\/organisation-evenementielle-can-maroc\/#article\",\"isPartOf\":{\"@id\":\"https:\/\/devpubevents.ma\/index.php\/2025\/12\/15\/organisation-evenementielle-can-maroc\/\"},\"author\":{\"name\":\"event\",\"@id\":\"https:\/\/devpubevents.ma\/#\/schema\/person\/ff2dfa4f4ea8eeef487bbf12576bdb1e\"},\"headline\":\"CAN au Maroc : l\u2019importance de l\u2019organisation \u00e9v\u00e9nementielle et de l\u2019ambiance\",\"datePublished\":\"2025-12-15T15:42:51+00:00\",\"dateModified\":\"2025-12-15T16:02:07+00:00\",\"mainEntityOfPage\":{\"@id\":\"https:\/\/devpubevents.ma\/index.php\/2025\/12\/15\/organisation-evenementielle-can-maroc\/\"},\"wordCount\":297,\"commentCount\":0,\"publisher\":{\"@id\":\"https:\/\/devpubevents.ma\/#organization\"},\"image\":{\"@id\":\"https:\/\/devpubevents.ma\/index.php\/2025\/12\/15\/organisation-evenementielle-can-maroc\/#primaryimage\"},\"thumbnailUrl\":\"https:\/\/devpubevents.ma\/wp-content\/uploads\/2025\/12\/Image-18-10-2025-a-09.51-1.jpeg\",\"articleSection\":[\"CAN 2025\"],\"inLanguage\":\"en-GB\",\"potentialAction\":[{\"@type\":\"CommentAction\",\"name\":\"Comment\",\"target\":[\"https:\/\/devpubevents.ma\/index.php\/2025\/12\/15\/organisation-evenementielle-can-maroc\/#respond\"]}]},{\"@type\":\"WebPage\",\"@id\":\"https:\/\/devpubevents.ma\/index.php\/2025\/12\/15\/organisation-evenementielle-can-maroc\/\",\"url\":\"https:\/\/devpubevents.ma\/index.php\/2025\/12\/15\/organisation-evenementielle-can-maroc\/\",\"name\":\"CAN au Maroc : l\u2019importance de l\u2019organisation \u00e9v\u00e9nementielle et de l\u2019ambiance\",\"isPartOf\":{\"@id\":\"https:\/\/devpubevents.ma\/#website\"},\"primaryImageOfPage\":{\"@id\":\"https:\/\/devpubevents.ma\/index.php\/2025\/12\/15\/organisation-evenementielle-can-maroc\/#primaryimage\"},\"image\":{\"@id\":\"https:\/\/devpubevents.ma\/index.php\/2025\/12\/15\/organisation-evenementielle-can-maroc\/#primaryimage\"},\"thumbnailUrl\":\"https:\/\/devpubevents.ma\/wp-content\/uploads\/2025\/12\/Image-18-10-2025-a-09.51-1.jpeg\",\"datePublished\":\"2025-12-15T15:42:51+00:00\",\"dateModified\":\"2025-12-15T16:02:07+00:00\",\"description\":\"\u00c0 quelques jours de la CAN au Maroc, d\u00e9couvrez l\u2019importance de l\u2019organisation \u00e9v\u00e9nementielle, des fan zones et de l\u2019ambiance pour un \u00e9v\u00e9nement r\u00e9ussi.\",\"breadcrumb\":{\"@id\":\"https:\/\/devpubevents.ma\/index.php\/2025\/12\/15\/organisation-evenementielle-can-maroc\/#breadcrumb\"},\"inLanguage\":\"en-GB\",\"potentialAction\":[{\"@type\":\"ReadAction\",\"target\":[\"https:\/\/devpubevents.ma\/index.php\/2025\/12\/15\/organisation-evenementielle-can-maroc\/\"]}]},{\"@type\":\"ImageObject\",\"inLanguage\":\"en-GB\",\"@id\":\"https:\/\/devpubevents.ma\/index.php\/2025\/12\/15\/organisation-evenementielle-can-maroc\/#primaryimage\",\"url\":\"https:\/\/devpubevents.ma\/wp-content\/uploads\/2025\/12\/Image-18-10-2025-a-09.51-1.jpeg\",\"contentUrl\":\"https:\/\/devpubevents.ma\/wp-content\/uploads\/2025\/12\/Image-18-10-2025-a-09.51-1.jpeg\",\"width\":2226,\"height\":1294},{\"@type\":\"BreadcrumbList\",\"@id\":\"https:\/\/devpubevents.ma\/index.php\/2025\/12\/15\/organisation-evenementielle-can-maroc\/#breadcrumb\",\"itemListElement\":[{\"@type\":\"ListItem\",\"position\":1,\"name\":\"Home\",\"item\":\"https:\/\/devpubevents.ma\/\"},{\"@type\":\"ListItem\",\"position\":2,\"name\":\"CAN au Maroc : l\u2019importance de l\u2019organisation \u00e9v\u00e9nementielle et de l\u2019ambiance\"}]},{\"@type\":\"WebSite\",\"@id\":\"https:\/\/devpubevents.ma\/#website\",\"url\":\"https:\/\/devpubevents.ma\/\",\"name\":\"DEVPUB EVENTS\",\"description\":\"\",\"publisher\":{\"@id\":\"https:\/\/devpubevents.ma\/#organization\"},\"potentialAction\":[{\"@type\":\"SearchAction\",\"target\":{\"@type\":\"EntryPoint\",\"urlTemplate\":\"https:\/\/devpubevents.ma\/?s={search_term_string}\"},\"query-input\":{\"@type\":\"PropertyValueSpecification\",\"valueRequired\":true,\"valueName\":\"search_term_string\"}}],\"inLanguage\":\"en-GB\"},{\"@type\":\"Organization\",\"@id\":\"https:\/\/devpubevents.ma\/#organization\",\"name\":\"DEVPUB EVENTS\",\"url\":\"https:\/\/devpubevents.ma\/\",\"logo\":{\"@type\":\"ImageObject\",\"inLanguage\":\"en-GB\",\"@id\":\"https:\/\/devpubevents.ma\/#\/schema\/logo\/image\/\",\"url\":\"https:\/\/devpubevents.ma\/wp-content\/uploads\/2019\/07\/cropped-devpub-events-n-01.png\",\"contentUrl\":\"https:\/\/devpubevents.ma\/wp-content\/uploads\/2019\/07\/cropped-devpub-events-n-01.png\",\"width\":1075,\"height\":1075,\"caption\":\"DEVPUB EVENTS\"},\"image\":{\"@id\":\"https:\/\/devpubevents.ma\/#\/schema\/logo\/image\/\"}},{\"@type\":\"Person\",\"@id\":\"https:\/\/devpubevents.ma\/#\/schema\/person\/ff2dfa4f4ea8eeef487bbf12576bdb1e\",\"name\":\"event\",\"image\":{\"@type\":\"ImageObject\",\"inLanguage\":\"en-GB\",\"@id\":\"https:\/\/devpubevents.ma\/#\/schema\/person\/image\/\",\"url\":\"https:\/\/devpubevents.ma\/wp-content\/litespeed\/avatar\/5857576812ee3d680a6088d530701051.jpg?ver=1776948196\",\"contentUrl\":\"https:\/\/devpubevents.ma\/wp-content\/litespeed\/avatar\/5857576812ee3d680a6088d530701051.jpg?ver=1776948196\",\"caption\":\"event\"},\"sameAs\":[\"http:\/\/localhost\/wordpress\"],\"url\":\"https:\/\/devpubevents.ma\/index.php\/author\/event\/\"}]}<\/script>\n<!-- \/ Yoast SEO plugin. -->","yoast_head_json":{"title":"CAN au Maroc : l\u2019importance de l\u2019organisation \u00e9v\u00e9nementielle et de l\u2019ambiance","description":"\u00c0 quelques jours de la CAN au Maroc, d\u00e9couvrez l\u2019importance de l\u2019organisation \u00e9v\u00e9nementielle, des fan zones et de l\u2019ambiance pour un \u00e9v\u00e9nement r\u00e9ussi.","robots":{"index":"index","follow":"follow","max-snippet":"max-snippet:-1","max-image-preview":"max-image-preview:large","max-video-preview":"max-video-preview:-1"},"canonical":"https:\/\/devpubevents.ma\/index.php\/2025\/12\/15\/organisation-evenementielle-can-maroc\/","og_locale":"en_GB","og_type":"article","og_title":"CAN au Maroc : l\u2019importance de l\u2019organisation \u00e9v\u00e9nementielle et de l\u2019ambiance","og_description":"\u00c0 quelques jours de la CAN au Maroc, d\u00e9couvrez l\u2019importance de l\u2019organisation \u00e9v\u00e9nementielle, des fan zones et de l\u2019ambiance pour un \u00e9v\u00e9nement r\u00e9ussi.","og_url":"https:\/\/devpubevents.ma\/index.php\/2025\/12\/15\/organisation-evenementielle-can-maroc\/","og_site_name":"DEVPUB EVENTS","article_published_time":"2025-12-15T15:42:51+00:00","article_modified_time":"2025-12-15T16:02:07+00:00","og_image":[{"width":2226,"height":1294,"url":"https:\/\/devpubevents.ma\/wp-content\/uploads\/2025\/12\/Image-18-10-2025-a-09.51-1.jpeg","type":"image\/jpeg"}],"author":"event","twitter_card":"summary_large_image","twitter_misc":{"Written by":"event","Estimated reading time":"2 minutes"},"schema":{"@context":"https:\/\/schema.org","@graph":[{"@type":"Article","@id":"https:\/\/devpubevents.ma\/index.php\/2025\/12\/15\/organisation-evenementielle-can-maroc\/#article","isPartOf":{"@id":"https:\/\/devpubevents.ma\/index.php\/2025\/12\/15\/organisation-evenementielle-can-maroc\/"},"author":{"name":"event","@id":"https:\/\/devpubevents.ma\/#\/schema\/person\/ff2dfa4f4ea8eeef487bbf12576bdb1e"},"headline":"CAN au Maroc : l\u2019importance de l\u2019organisation \u00e9v\u00e9nementielle et de l\u2019ambiance","datePublished":"2025-12-15T15:42:51+00:00","dateModified":"2025-12-15T16:02:07+00:00","mainEntityOfPage":{"@id":"https:\/\/devpubevents.ma\/index.php\/2025\/12\/15\/organisation-evenementielle-can-maroc\/"},"wordCount":297,"commentCount":0,"publisher":{"@id":"https:\/\/devpubevents.ma\/#organization"},"image":{"@id":"https:\/\/devpubevents.ma\/index.php\/2025\/12\/15\/organisation-evenementielle-can-maroc\/#primaryimage"},"thumbnailUrl":"https:\/\/devpubevents.ma\/wp-content\/uploads\/2025\/12\/Image-18-10-2025-a-09.51-1.jpeg","articleSection":["CAN 2025"],"inLanguage":"en-GB","potentialAction":[{"@type":"CommentAction","name":"Comment","target":["https:\/\/devpubevents.ma\/index.php\/2025\/12\/15\/organisation-evenementielle-can-maroc\/#respond"]}]},{"@type":"WebPage","@id":"https:\/\/devpubevents.ma\/index.php\/2025\/12\/15\/organisation-evenementielle-can-maroc\/","url":"https:\/\/devpubevents.ma\/index.php\/2025\/12\/15\/organisation-evenementielle-can-maroc\/","name":"CAN au Maroc : l\u2019importance de l\u2019organisation \u00e9v\u00e9nementielle et de l\u2019ambiance","isPartOf":{"@id":"https:\/\/devpubevents.ma\/#website"},"primaryImageOfPage":{"@id":"https:\/\/devpubevents.ma\/index.php\/2025\/12\/15\/organisation-evenementielle-can-maroc\/#primaryimage"},"image":{"@id":"https:\/\/devpubevents.ma\/index.php\/2025\/12\/15\/organisation-evenementielle-can-maroc\/#primaryimage"},"thumbnailUrl":"https:\/\/devpubevents.ma\/wp-content\/uploads\/2025\/12\/Image-18-10-2025-a-09.51-1.jpeg","datePublished":"2025-12-15T15:42:51+00:00","dateModified":"2025-12-15T16:02:07+00:00","description":"\u00c0 quelques jours de la CAN au Maroc, d\u00e9couvrez l\u2019importance de l\u2019organisation \u00e9v\u00e9nementielle, des fan zones et de l\u2019ambiance pour un \u00e9v\u00e9nement r\u00e9ussi.","breadcrumb":{"@id":"https:\/\/devpubevents.ma\/index.php\/2025\/12\/15\/organisation-evenementielle-can-maroc\/#breadcrumb"},"inLanguage":"en-GB","potentialAction":[{"@type":"ReadAction","target":["https:\/\/devpubevents.ma\/index.php\/2025\/12\/15\/organisation-evenementielle-can-maroc\/"]}]},{"@type":"ImageObject","inLanguage":"en-GB","@id":"https:\/\/devpubevents.ma\/index.php\/2025\/12\/15\/organisation-evenementielle-can-maroc\/#primaryimage","url":"https:\/\/devpubevents.ma\/wp-content\/uploads\/2025\/12\/Image-18-10-2025-a-09.51-1.jpeg","contentUrl":"https:\/\/devpubevents.ma\/wp-content\/uploads\/2025\/12\/Image-18-10-2025-a-09.51-1.jpeg","width":2226,"height":1294},{"@type":"BreadcrumbList","@id":"https:\/\/devpubevents.ma\/index.php\/2025\/12\/15\/organisation-evenementielle-can-maroc\/#breadcrumb","itemListElement":[{"@type":"ListItem","position":1,"name":"Home","item":"https:\/\/devpubevents.ma\/"},{"@type":"ListItem","position":2,"name":"CAN au Maroc : l\u2019importance de l\u2019organisation \u00e9v\u00e9nementielle et de l\u2019ambiance"}]},{"@type":"WebSite","@id":"https:\/\/devpubevents.ma\/#website","url":"https:\/\/devpubevents.ma\/","name":"DEVPUB EVENTS","description":"","publisher":{"@id":"https:\/\/devpubevents.ma\/#organization"},"potentialAction":[{"@type":"SearchAction","target":{"@type":"EntryPoint","urlTemplate":"https:\/\/devpubevents.ma\/?s={search_term_string}"},"query-input":{"@type":"PropertyValueSpecification","valueRequired":true,"valueName":"search_term_string"}}],"inLanguage":"en-GB"},{"@type":"Organization","@id":"https:\/\/devpubevents.ma\/#organization","name":"DEVPUB EVENTS","url":"https:\/\/devpubevents.ma\/","logo":{"@type":"ImageObject","inLanguage":"en-GB","@id":"https:\/\/devpubevents.ma\/#\/schema\/logo\/image\/","url":"https:\/\/devpubevents.ma\/wp-content\/uploads\/2019\/07\/cropped-devpub-events-n-01.png","contentUrl":"https:\/\/devpubevents.ma\/wp-content\/uploads\/2019\/07\/cropped-devpub-events-n-01.png","width":1075,"height":1075,"caption":"DEVPUB EVENTS"},"image":{"@id":"https:\/\/devpubevents.ma\/#\/schema\/logo\/image\/"}},{"@type":"Person","@id":"https:\/\/devpubevents.ma\/#\/schema\/person\/ff2dfa4f4ea8eeef487bbf12576bdb1e","name":"event","image":{"@type":"ImageObject","inLanguage":"en-GB","@id":"https:\/\/devpubevents.ma\/#\/schema\/person\/image\/","url":"https:\/\/devpubevents.ma\/wp-content\/litespeed\/avatar\/5857576812ee3d680a6088d530701051.jpg?ver=1776948196","contentUrl":"https:\/\/devpubevents.ma\/wp-content\/litespeed\/avatar\/5857576812ee3d680a6088d530701051.jpg?ver=1776948196","caption":"event"},"sameAs":["http:\/\/localhost\/wordpress"],"url":"https:\/\/devpubevents.ma\/index.php\/author\/event\/"}]}},"_links":{"self":[{"href":"https:\/\/devpubevents.ma\/index.php\/wp-json\/wp\/v2\/posts\/5209","targetHints":{"allow":["GET"]}}],"collection":[{"href":"https:\/\/devpubevents.ma\/index.php\/wp-json\/wp\/v2\/posts"}],"about":[{"href":"https:\/\/devpubevents.ma\/index.php\/wp-json\/wp\/v2\/types\/post"}],"author":[{"embeddable":true,"href":"https:\/\/devpubevents.ma\/index.php\/wp-json\/wp\/v2\/users\/1"}],"replies":[{"embeddable":true,"href":"https:\/\/devpubevents.ma\/index.php\/wp-json\/wp\/v2\/comments?post=5209"}],"version-history":[{"count":3,"href":"https:\/\/devpubevents.ma\/index.php\/wp-json\/wp\/v2\/posts\/5209\/revisions"}],"predecessor-version":[{"id":5213,"href":"https:\/\/devpubevents.ma\/index.php\/wp-json\/wp\/v2\/posts\/5209\/revisions\/5213"}],"wp:featuredmedia":[{"embeddable":true,"href":"https:\/\/devpubevents.ma\/index.php\/wp-json\/wp\/v2\/media\/5210"}],"wp:attachment":[{"href":"https:\/\/devpubevents.ma\/index.php\/wp-json\/wp\/v2\/media?parent=5209"}],"wp:term":[{"taxonomy":"category","embeddable":true,"href":"https:\/\/devpubevents.ma\/index.php\/wp-json\/wp\/v2\/categories?post=5209"},{"taxonomy":"post_tag","embeddable":true,"href":"https:\/\/devpubevents.ma\/index.php\/wp-json\/wp\/v2\/tags?post=5209"}],"curies":[{"name":"wp","href":"https:\/\/api.w.org\/{rel}","templated":true}]}}